{"id":1892,"date":"2021-01-14T19:19:45","date_gmt":"2021-01-14T18:19:45","guid":{"rendered":"https:\/\/www.groupeidec-invest.com\/un-bail-renouvele-et-un-site-remanie-pour-sysco-a-hoerdt-67\/"},"modified":"2021-11-09T11:07:29","modified_gmt":"2021-11-09T10:07:29","slug":"renovacion-del-contrato-de-arrendamiento-e-instalaciones-renovadas-para-sysco-en-hoerdt","status":"publish","type":"post","link":"https:\/\/www.groupeidec-invest.com\/es\/renovacion-del-contrato-de-arrendamiento-e-instalaciones-renovadas-para-sysco-en-hoerdt\/","title":{"rendered":"RENOVACI\u00d3N DEL CONTRATO DE ARRENDAMIENTO E INSTALACIONES RENOVADAS PARA SYSCO EN HOERDT"},"content":{"rendered":"<p>Renovaci\u00f3n con SYSCO France del contrato de alquiler de la plataforma de distribuci\u00f3n de productos frescos y congelados en Hoerdt (departamento de Bajo Rin) por una duraci\u00f3n de 12\u00a0a\u00f1os. SYSCO ha confiado adem\u00e1s a IDEC y, m\u00e1s concretamente, al departamento TSE, las obras de reacondicionamiento de las c\u00e1maras frigor\u00edficas y la creaci\u00f3n de una v\u00eda de circunvalaci\u00f3n y de un aparcamiento para camiones.<\/p>\n","protected":false},"excerpt":{"rendered":"<p>Renouvellement du bail avec SYSCO FRANCE de la plateforme de distribution de produits frais et surgel\u00e9s \u00e0 HOERDT (67), pour une dur\u00e9e de 12 ans fermes. Dans ce cadre, SYSCO a confi\u00e9 \u00e0 IDEC et plus&#8230;<\/p>\n","protected":false},"author":1,"featured_media":978,"comment_status":"closed","ping_status":"closed","sticky":false,"template":"","format":"standard","meta":{"_seopress_robots_primary_cat":"","_seopress_titles_title":"","_seopress_titles_desc":"","_seopress_robots_index":"","inline_featured_image":false,"_monsterinsights_skip_tracking":false,"_monsterinsights_sitenote_active":false,"_monsterinsights_sitenote_note":"","_monsterinsights_sitenote_category":0,"footnotes":""},"categories":[39],"tags":[],"class_list":["post-1892","post","type-post","status-publish","format-standard","has-post-thumbnail","hentry","category-inmobiliarias"],"_links":{"self":[{"href":"https:\/\/www.groupeidec-invest.com\/es\/wp-json\/wp\/v2\/posts\/1892","targetHints":{"allow":["GET"]}}],"collection":[{"href":"https:\/\/www.groupeidec-invest.com\/es\/wp-json\/wp\/v2\/posts"}],"about":[{"href":"https:\/\/www.groupeidec-invest.com\/es\/wp-json\/wp\/v2\/types\/post"}],"author":[{"embeddable":true,"href":"https:\/\/www.groupeidec-invest.com\/es\/wp-json\/wp\/v2\/users\/1"}],"replies":[{"embeddable":true,"href":"https:\/\/www.groupeidec-invest.com\/es\/wp-json\/wp\/v2\/comments?post=1892"}],"version-history":[{"count":2,"href":"https:\/\/www.groupeidec-invest.com\/es\/wp-json\/wp\/v2\/posts\/1892\/revisions"}],"predecessor-version":[{"id":1895,"href":"https:\/\/www.groupeidec-invest.com\/es\/wp-json\/wp\/v2\/posts\/1892\/revisions\/1895"}],"wp:featuredmedia":[{"embeddable":true,"href":"https:\/\/www.groupeidec-invest.com\/es\/wp-json\/wp\/v2\/media\/978"}],"wp:attachment":[{"href":"https:\/\/www.groupeidec-invest.com\/es\/wp-json\/wp\/v2\/media?parent=1892"}],"wp:term":[{"taxonomy":"category","embeddable":true,"href":"https:\/\/www.groupeidec-invest.com\/es\/wp-json\/wp\/v2\/categories?post=1892"},{"taxonomy":"post_tag","embeddable":true,"href":"https:\/\/www.groupeidec-invest.com\/es\/wp-json\/wp\/v2\/tags?post=1892"}],"curies":[{"name":"wp","href":"https:\/\/api.w.org\/{rel}","templated":true}]}}